{"id":117,"date":"2015-09-25T17:44:32","date_gmt":"2015-09-25T17:44:32","guid":{"rendered":"http:\/\/www.cne.epilepsies.fr\/?p=117"},"modified":"2022-01-24T09:46:34","modified_gmt":"2022-01-24T09:46:34","slug":"conference-de-presse-le-21-octobre-2015","status":"publish","type":"post","link":"https:\/\/www.cne.epilepsies.fr\/?p=117","title":{"rendered":"Conf\u00e9rence de presse le 21 octobre 2015"},"content":{"rendered":"<p>Epilepsie(s) : plus de 500 000 patients en France, une prise en charge in\u00e9gale et chroniquement insuffisante. Quels d\u00e9ficits? Quelles solutions ?<br \/>\nle Comit\u00e9 National pour l&#8217;Epilepsie co-organise une <a href=\"https:\/\/www.cne.epilepsies.fr\/wp-content\/uploads\/2015\/09\/invitation-conf\u00e9rence-de-presse-21-octobre-2015-1.pdf\" target=\"_blank\" rel=\"noopener\">conf\u00e9rence de presse<\/a> le mercredi 21 octobre \u00e0 Paris, \u00e0 la veille des Journ\u00e9es Internationales de la Soci\u00e9t\u00e9 Fran\u00e7aise de Neurologie consacr\u00e9es \u00e0 l&#8217;\u00e9pilepsie cette ann\u00e9e.<\/p>\n","protected":false},"excerpt":{"rendered":"<p>Epilepsie(s) : plus de 500 000 patients en France, une prise en charge in\u00e9gale et chroniquement insuffisante. Quels d\u00e9ficits? Quelles solutions ? le Comit\u00e9 National pour l&#8217;Epilepsie co-organise une conf\u00e9rence de presse le mercredi 21 octobre \u00e0 Paris, \u00e0 la &hellip; <a class=\"more-link\" href=\"https:\/\/www.cne.epilepsies.fr\/?p=117\">Lire la suite <span class=\"meta-nav\">&rarr;<\/span><\/a><\/p>\n","protected":false},"author":11,"featured_media":0,"comment_status":"closed","ping_status":"closed","sticky":false,"template":"","format":"standard","meta":{"footnotes":""},"categories":[1],"tags":[],"class_list":["post-117","post","type-post","status-publish","format-standard","hentry","category-non-classe"],"_links":{"self":[{"href":"https:\/\/www.cne.epilepsies.fr\/index.php?rest_route=\/wp\/v2\/posts\/117","targetHints":{"allow":["GET"]}}],"collection":[{"href":"https:\/\/www.cne.epilepsies.fr\/index.php?rest_route=\/wp\/v2\/posts"}],"about":[{"href":"https:\/\/www.cne.epilepsies.fr\/index.php?rest_route=\/wp\/v2\/types\/post"}],"author":[{"embeddable":true,"href":"https:\/\/www.cne.epilepsies.fr\/index.php?rest_route=\/wp\/v2\/users\/11"}],"replies":[{"embeddable":true,"href":"https:\/\/www.cne.epilepsies.fr\/index.php?rest_route=%2Fwp%2Fv2%2Fcomments&post=117"}],"version-history":[{"count":3,"href":"https:\/\/www.cne.epilepsies.fr\/index.php?rest_route=\/wp\/v2\/posts\/117\/revisions"}],"predecessor-version":[{"id":295,"href":"https:\/\/www.cne.epilepsies.fr\/index.php?rest_route=\/wp\/v2\/posts\/117\/revisions\/295"}],"wp:attachment":[{"href":"https:\/\/www.cne.epilepsies.fr\/index.php?rest_route=%2Fwp%2Fv2%2Fmedia&parent=117"}],"wp:term":[{"taxonomy":"category","embeddable":true,"href":"https:\/\/www.cne.epilepsies.fr\/index.php?rest_route=%2Fwp%2Fv2%2Fcategories&post=117"},{"taxonomy":"post_tag","embeddable":true,"href":"https:\/\/www.cne.epilepsies.fr\/index.php?rest_route=%2Fwp%2Fv2%2Ftags&post=117"}],"curies":[{"name":"wp","href":"https:\/\/api.w.org\/{rel}","templated":true}]}}