{"id":237,"date":"2018-07-25T11:05:11","date_gmt":"2018-07-25T11:05:11","guid":{"rendered":"http:\/\/www.cne.epilepsies.fr\/?p=237"},"modified":"2018-07-25T11:05:11","modified_gmt":"2018-07-25T11:05:11","slug":"communique-de-presse-au-sujet-de-la-depakine","status":"publish","type":"post","link":"https:\/\/www.cne.epilepsies.fr\/?p=237","title":{"rendered":"Communiqu\u00e9 de presse au sujet de la D\u00e9pakine"},"content":{"rendered":"<p>Le CNE publie le <a href=\"https:\/\/www.cne.epilepsies.fr\/wp-content\/uploads\/2018\/06\/Communique\u0301-de-presse-CNE-juin-2018-AB-1.pdf\" target=\"_blank\" rel=\"noopener\">communiqu\u00e9 de presse suivant<\/a> au sujet de l\u2019interdiction de la D\u00e9pakine aux filles, adolescentes et femmes en \u00e2ge de procr\u00e9er (sauf exception).<\/p>\n","protected":false},"excerpt":{"rendered":"<p>Le CNE publie le communiqu\u00e9 de presse suivant au sujet de l\u2019interdiction de la D\u00e9pakine aux filles, adolescentes et femmes en \u00e2ge de procr\u00e9er (sauf exception). &hellip; <a class=\"more-link\" href=\"https:\/\/www.cne.epilepsies.fr\/?p=237\">Lire la suite <span class=\"meta-nav\">&rarr;<\/span><\/a><\/p>\n","protected":false},"author":11,"featured_media":0,"comment_status":"closed","ping_status":"open","sticky":false,"template":"","format":"standard","meta":{"footnotes":""},"categories":[1],"tags":[],"class_list":["post-237","post","type-post","status-publish","format-standard","hentry","category-non-classe"],"_links":{"self":[{"href":"https:\/\/www.cne.epilepsies.fr\/index.php?rest_route=\/wp\/v2\/posts\/237","targetHints":{"allow":["GET"]}}],"collection":[{"href":"https:\/\/www.cne.epilepsies.fr\/index.php?rest_route=\/wp\/v2\/posts"}],"about":[{"href":"https:\/\/www.cne.epilepsies.fr\/index.php?rest_route=\/wp\/v2\/types\/post"}],"author":[{"embeddable":true,"href":"https:\/\/www.cne.epilepsies.fr\/index.php?rest_route=\/wp\/v2\/users\/11"}],"replies":[{"embeddable":true,"href":"https:\/\/www.cne.epilepsies.fr\/index.php?rest_route=%2Fwp%2Fv2%2Fcomments&post=237"}],"version-history":[{"count":1,"href":"https:\/\/www.cne.epilepsies.fr\/index.php?rest_route=\/wp\/v2\/posts\/237\/revisions"}],"predecessor-version":[{"id":238,"href":"https:\/\/www.cne.epilepsies.fr\/index.php?rest_route=\/wp\/v2\/posts\/237\/revisions\/238"}],"wp:attachment":[{"href":"https:\/\/www.cne.epilepsies.fr\/index.php?rest_route=%2Fwp%2Fv2%2Fmedia&parent=237"}],"wp:term":[{"taxonomy":"category","embeddable":true,"href":"https:\/\/www.cne.epilepsies.fr\/index.php?rest_route=%2Fwp%2Fv2%2Fcategories&post=237"},{"taxonomy":"post_tag","embeddable":true,"href":"https:\/\/www.cne.epilepsies.fr\/index.php?rest_route=%2Fwp%2Fv2%2Ftags&post=237"}],"curies":[{"name":"wp","href":"https:\/\/api.w.org\/{rel}","templated":true}]}}